{"id":799,"date":"2025-09-25T18:20:52","date_gmt":"2025-09-25T16:20:52","guid":{"rendered":"https:\/\/kerboutier.fr\/?p=799"},"modified":"2025-10-14T17:49:31","modified_gmt":"2025-10-14T15:49:31","slug":"dimanche-21-septembre-2025","status":"publish","type":"post","link":"https:\/\/kerboutier.fr\/index.php\/2025\/09\/25\/dimanche-21-septembre-2025\/","title":{"rendered":"Dimanche 21 septembre 2025"},"content":{"rendered":"\n<p>JOURNEE DU PATRIMOINE <\/p>\n\n\n\n<p><\/p>\n\n\n\n<p>Les TROBAIRITZ (f\u00e9minin de troubadour) est un ensemble qui a surpris son auditoire par le choix et la qualit\u00e9 de sa programmation. <br>Des textes po\u00e9tiques du Moyen Age mis en musique  par Ingrid d&rsquo;apr\u00e8s des documents retrouv\u00e9s dans les biblioth\u00e8ques du Vatican, entre autre, nous ont transport\u00e9s dans une autre \u00e9poque.<br>Plein de d\u00e9licatesse et d&rsquo;expression, le jeu des instrumentistes a suscit\u00e9 l&rsquo;int\u00e9r\u00eat de tous. <br><br><strong><em>1er concert <\/em>: 14 h<\/strong><\/p>\n\n\n\n<p><strong><em>2\u00e8me concert<\/em> : 18 h<\/strong><\/p>\n\n\n\n<p><strong>Ingrid Blasco<\/strong>, \u00e0 la vielle \u00e0 roue, lecture et composition.<br><strong>Alice Khayati<\/strong>, au chant en langues romane, occitane, espagnole\u2026., Fl\u00fbte \u00e0 bec, bendir, triangles et tambourin.<br><strong>Nathalie Morvan<\/strong>t, hautbois.<br><strong>Nathalie Le Gaouyat<\/strong>, viole de gambe.<br><strong>Mathias Mantello<\/strong>, m\u00e9tallophone, daf, cymbales, triangle, tambourin, crotale, chant.<\/p>\n\n\n\n<figure class=\"wp-block-embed is-type-video is-provider-youtube wp-block-embed-youtube wp-embed-aspect-4-3 wp-has-aspect-ratio\"><div class=\"wp-block-embed__wrapper\">\n<iframe loading=\"lazy\" title=\"&quot;d\u00e9trompez-vous&quot; Les Trobairitz\" width=\"525\" height=\"295\" src=\"https:\/\/www.youtube.com\/embed\/9fqnIJ-BcN4?feature=oembed\" frameborder=\"0\" allow=\"accelerometer; autoplay; clipboard-write; encrypted-media; gyroscope; picture-in-picture; web-share\" referrerpolicy=\"strict-origin-when-cross-origin\" allowfullscreen><\/iframe>\n<\/div><\/figure>\n\n\n\n<figure class=\"wp-block-embed is-type-video is-provider-youtube wp-block-embed-youtube wp-embed-aspect-16-9 wp-has-aspect-ratio\"><div class=\"wp-block-embed__wrapper\">\n<iframe loading=\"lazy\" title=\"&quot;Fin Joi&quot; les Trobairitz\" width=\"525\" height=\"295\" src=\"https:\/\/www.youtube.com\/embed\/onuzpx-1DNc?feature=oembed\" frameborder=\"0\" allow=\"accelerometer; autoplay; clipboard-write; encrypted-media; gyroscope; picture-in-picture; web-share\" referrerpolicy=\"strict-origin-when-cross-origin\" allowfullscreen><\/iframe>\n<\/div><\/figure>\n\n\n\n<p><\/p>\n","protected":false},"excerpt":{"rendered":"<p>JOURNEE DU PATRIMOINE Les TROBAIRITZ (f\u00e9minin de troubadour) est un ensemble qui a surpris son auditoire par le choix et la qualit\u00e9 de sa programmation. Des textes po\u00e9tiques du Moyen Age mis en musique par Ingrid d&rsquo;apr\u00e8s des documents retrouv\u00e9s dans les biblioth\u00e8ques du Vatican, entre autre, nous ont transport\u00e9s dans une autre \u00e9poque.Plein de &hellip; <\/p>\n<p class=\"link-more\"><a href=\"https:\/\/kerboutier.fr\/index.php\/2025\/09\/25\/dimanche-21-septembre-2025\/\" class=\"more-link\">Continuer la lecture<span class=\"screen-reader-text\"> de &laquo;&nbsp;Dimanche 21 septembre 2025&nbsp;&raquo;<\/span><\/a><\/p>\n","protected":false},"author":1,"featured_media":0,"comment_status":"open","ping_status":"open","sticky":false,"template":"","format":"standard","meta":{"footnotes":""},"categories":[7],"tags":[],"class_list":["post-799","post","type-post","status-publish","format-standard","hentry","category-concerts-spectacles"],"_links":{"self":[{"href":"https:\/\/kerboutier.fr\/index.php\/wp-json\/wp\/v2\/posts\/799","targetHints":{"allow":["GET"]}}],"collection":[{"href":"https:\/\/kerboutier.fr\/index.php\/wp-json\/wp\/v2\/posts"}],"about":[{"href":"https:\/\/kerboutier.fr\/index.php\/wp-json\/wp\/v2\/types\/post"}],"author":[{"embeddable":true,"href":"https:\/\/kerboutier.fr\/index.php\/wp-json\/wp\/v2\/users\/1"}],"replies":[{"embeddable":true,"href":"https:\/\/kerboutier.fr\/index.php\/wp-json\/wp\/v2\/comments?post=799"}],"version-history":[{"count":7,"href":"https:\/\/kerboutier.fr\/index.php\/wp-json\/wp\/v2\/posts\/799\/revisions"}],"predecessor-version":[{"id":842,"href":"https:\/\/kerboutier.fr\/index.php\/wp-json\/wp\/v2\/posts\/799\/revisions\/842"}],"wp:attachment":[{"href":"https:\/\/kerboutier.fr\/index.php\/wp-json\/wp\/v2\/media?parent=799"}],"wp:term":[{"taxonomy":"category","embeddable":true,"href":"https:\/\/kerboutier.fr\/index.php\/wp-json\/wp\/v2\/categories?post=799"},{"taxonomy":"post_tag","embeddable":true,"href":"https:\/\/kerboutier.fr\/index.php\/wp-json\/wp\/v2\/tags?post=799"}],"curies":[{"name":"wp","href":"https:\/\/api.w.org\/{rel}","templated":true}]}}