{"id":764,"date":"2025-08-14T17:54:57","date_gmt":"2025-08-14T15:54:57","guid":{"rendered":"https:\/\/kerboutier.fr\/?p=764"},"modified":"2025-09-04T16:12:16","modified_gmt":"2025-09-04T14:12:16","slug":"mercredi-13-aout-2025","status":"publish","type":"post","link":"https:\/\/kerboutier.fr\/index.php\/2025\/08\/14\/mercredi-13-aout-2025\/","title":{"rendered":"Mercredi 13 Ao\u00fbt 2025"},"content":{"rendered":"\n<p>\u00ab On le sait, les marins aiment chanter, boire, d\u00e9couvrir de nouveaux horizons, mais composer?<br><br>Construit autour de la Suite en Duo pour fl\u00fbte et piano de Jean Cras, compositeur Breton et brillant officier de marine, le programme du concert s\u2019inspire des compositeurs de la mer.<br>Jean Cras n\u2019a jamais choisi entre son engagement de marin et sa vocation de compositeur. Curieux de tout, aussi des musiques extra-europ\u00e9ennes entendues au cours de ses voyages, il \u00e9crit la quasi totalit\u00e9 de son \u0153uvre \u00e0 bord et n\u2019h\u00e9site pas \u00e0 faire \u00e9largir \u00e0 la scie la porte de son bureau pour y faire rentrer son piano droit.<br>Les marins Nicola\u00ef Rimsky-Korsakov, Albert Roussel, Jacques Ibert et un autre compositeur breton natif de St Malo Louis Aubert enrichissent ce programme.\u00a0\u00bb<br><\/p>\n\n\n<div class=\"wp-block-image\">\n<figure class=\"aligncenter size-large is-resized\"><img loading=\"lazy\" decoding=\"async\" width=\"1024\" height=\"768\" src=\"https:\/\/kerboutier.fr\/wp-content\/uploads\/2025\/08\/20250813_202154-1024x768.jpg\" alt=\"\" class=\"wp-image-771\" style=\"width:585px;height:auto\" srcset=\"https:\/\/kerboutier.fr\/wp-content\/uploads\/2025\/08\/20250813_202154-1024x768.jpg 1024w, https:\/\/kerboutier.fr\/wp-content\/uploads\/2025\/08\/20250813_202154-300x225.jpg 300w, https:\/\/kerboutier.fr\/wp-content\/uploads\/2025\/08\/20250813_202154-768x576.jpg 768w, https:\/\/kerboutier.fr\/wp-content\/uploads\/2025\/08\/20250813_202154-1536x1152.jpg 1536w, https:\/\/kerboutier.fr\/wp-content\/uploads\/2025\/08\/20250813_202154-2048x1536.jpg 2048w\" sizes=\"auto, (max-width: 767px) 89vw, (max-width: 1000px) 54vw, (max-width: 1071px) 543px, 580px\" \/><\/figure>\n<\/div>\n\n\n<p class=\"has-text-align-center\">LE DUO FOL                     L\u00e9a Lesieur, flutiste &amp; Aur\u00e9lien Penart au piano.<\/p>\n\n\n\n<p>NOUS AVONS PRIS LE LARGE !<br><br>En plein c\u0153ur de l&rsquo;\u00e9t\u00e9, Kerboutier a eu la joie d\u2019accueillir deux musiciens nordistes amoureux de la Bretagne. Ils nous ont pr\u00e9sent\u00e9 leur tout nouveau concert qu&rsquo;ils ont b\u00e2tis autour des compositeurs marins.<\/p>\n\n\n\n<p>Tout au long de la soir\u00e9e, leur prestation a \u00e9t\u00e9 nourrie de chaleureux applaudissements. Les \u0153uvres qu&rsquo;ils ont jou\u00e9 ont enthousiasm\u00e9 l&rsquo;auditoire. Leur rayonnement et leur passion pour la musique ont touch\u00e9 les c\u0153urs. <\/p>\n\n\n\n<figure class=\"wp-block-embed is-type-video is-provider-youtube wp-block-embed-youtube wp-embed-aspect-16-9 wp-has-aspect-ratio\"><div class=\"wp-block-embed__wrapper\">\n<iframe loading=\"lazy\" title=\"flute et piano\" width=\"525\" height=\"295\" src=\"https:\/\/www.youtube.com\/embed\/lylONdaGnUo?feature=oembed\" frameborder=\"0\" allow=\"accelerometer; autoplay; clipboard-write; encrypted-media; gyroscope; picture-in-picture; web-share\" referrerpolicy=\"strict-origin-when-cross-origin\" allowfullscreen><\/iframe>\n<\/div><\/figure>\n\n\n\n<p><\/p>\n\n\n\n<figure class=\"wp-block-embed is-type-video is-provider-youtube wp-block-embed-youtube wp-embed-aspect-16-9 wp-has-aspect-ratio\"><div class=\"wp-block-embed__wrapper\">\n<iframe loading=\"lazy\" title=\"Piano -Aur\u00e9lien Penart\" width=\"525\" height=\"295\" src=\"https:\/\/www.youtube.com\/embed\/1grJhXq3dAM?feature=oembed\" frameborder=\"0\" allow=\"accelerometer; autoplay; clipboard-write; encrypted-media; gyroscope; picture-in-picture; web-share\" referrerpolicy=\"strict-origin-when-cross-origin\" allowfullscreen><\/iframe>\n<\/div><\/figure>\n\n\n\n<p><\/p>\n","protected":false},"excerpt":{"rendered":"<p>\u00ab On le sait, les marins aiment chanter, boire, d\u00e9couvrir de nouveaux horizons, mais composer? Construit autour de la Suite en Duo pour fl\u00fbte et piano de Jean Cras, compositeur Breton et brillant officier de marine, le programme du concert s\u2019inspire des compositeurs de la mer.Jean Cras n\u2019a jamais choisi entre son engagement de marin &hellip; <\/p>\n<p class=\"link-more\"><a href=\"https:\/\/kerboutier.fr\/index.php\/2025\/08\/14\/mercredi-13-aout-2025\/\" class=\"more-link\">Continuer la lecture<span class=\"screen-reader-text\"> de &laquo;&nbsp;Mercredi 13 Ao\u00fbt 2025&nbsp;&raquo;<\/span><\/a><\/p>\n","protected":false},"author":1,"featured_media":0,"comment_status":"open","ping_status":"open","sticky":false,"template":"","format":"standard","meta":{"footnotes":""},"categories":[7],"tags":[],"class_list":["post-764","post","type-post","status-publish","format-standard","hentry","category-concerts-spectacles"],"_links":{"self":[{"href":"https:\/\/kerboutier.fr\/index.php\/wp-json\/wp\/v2\/posts\/764","targetHints":{"allow":["GET"]}}],"collection":[{"href":"https:\/\/kerboutier.fr\/index.php\/wp-json\/wp\/v2\/posts"}],"about":[{"href":"https:\/\/kerboutier.fr\/index.php\/wp-json\/wp\/v2\/types\/post"}],"author":[{"embeddable":true,"href":"https:\/\/kerboutier.fr\/index.php\/wp-json\/wp\/v2\/users\/1"}],"replies":[{"embeddable":true,"href":"https:\/\/kerboutier.fr\/index.php\/wp-json\/wp\/v2\/comments?post=764"}],"version-history":[{"count":13,"href":"https:\/\/kerboutier.fr\/index.php\/wp-json\/wp\/v2\/posts\/764\/revisions"}],"predecessor-version":[{"id":816,"href":"https:\/\/kerboutier.fr\/index.php\/wp-json\/wp\/v2\/posts\/764\/revisions\/816"}],"wp:attachment":[{"href":"https:\/\/kerboutier.fr\/index.php\/wp-json\/wp\/v2\/media?parent=764"}],"wp:term":[{"taxonomy":"category","embeddable":true,"href":"https:\/\/kerboutier.fr\/index.php\/wp-json\/wp\/v2\/categories?post=764"},{"taxonomy":"post_tag","embeddable":true,"href":"https:\/\/kerboutier.fr\/index.php\/wp-json\/wp\/v2\/tags?post=764"}],"curies":[{"name":"wp","href":"https:\/\/api.w.org\/{rel}","templated":true}]}}