{"id":732,"date":"2025-07-30T10:20:33","date_gmt":"2025-07-30T08:20:33","guid":{"rendered":"https:\/\/kerboutier.fr\/?p=732"},"modified":"2025-08-05T22:25:27","modified_gmt":"2025-08-05T20:25:27","slug":"samedi-26-juillet-2025","status":"publish","type":"post","link":"https:\/\/kerboutier.fr\/index.php\/2025\/07\/30\/samedi-26-juillet-2025\/","title":{"rendered":"Samedi 26 juillet 2025"},"content":{"rendered":"\n<p class=\"has-text-align-center\"><strong>Ensemble ZARABANDA<\/strong>.<\/p>\n\n\n\n<p class=\"has-text-align-center\">Ces cinq amies musiciennes, qui se produisent ensemble depuis plus de 20 ans,  ont surpris l&rsquo;auditoire par leur fantaisie et leur cr\u00e9ativit\u00e9. <\/p>\n\n\n\n<figure class=\"wp-block-image size-large\"><img loading=\"lazy\" decoding=\"async\" width=\"1024\" height=\"768\" src=\"https:\/\/kerboutier.fr\/wp-content\/uploads\/2025\/07\/20250726_212205-1024x768.jpg\" alt=\"\" class=\"wp-image-742\" srcset=\"https:\/\/kerboutier.fr\/wp-content\/uploads\/2025\/07\/20250726_212205-1024x768.jpg 1024w, https:\/\/kerboutier.fr\/wp-content\/uploads\/2025\/07\/20250726_212205-300x225.jpg 300w, https:\/\/kerboutier.fr\/wp-content\/uploads\/2025\/07\/20250726_212205-768x576.jpg 768w, https:\/\/kerboutier.fr\/wp-content\/uploads\/2025\/07\/20250726_212205-1536x1152.jpg 1536w, https:\/\/kerboutier.fr\/wp-content\/uploads\/2025\/07\/20250726_212205-2048x1536.jpg 2048w\" sizes=\"auto, (max-width: 767px) 89vw, (max-width: 1000px) 54vw, (max-width: 1071px) 543px, 580px\" \/><\/figure>\n\n\n\n<p>Ce concert a \u00e9t\u00e9 mis en sc\u00e8ne avec des textes de Jean Baptiste DROUART de BOUSSET, Jacques PREVERT, Robert DESNOS, Natacha APPANAH, Antonio VIVALDI<br><strong>Des musiques de  :<\/strong><br>Jean Baptiste DROUART de BOUSSET, Dario CASTELLO, Heinrich SCHEIDEMANN, Francis WEBSTER, Sonny BURKE, Gerardo MATOS RODRIGUES, Georg Philipp TELEMAN, Antonio VIVALDI, Tobias HUME, Fran\u00e7ois COUPERIN, Jacques MOREL, Manuelle CAMPOS.<\/p>\n\n\n\n<p>Le tout interpr\u00e9t\u00e9 sur des instruments anciens. <\/p>\n\n\n\n<p>Lien vid\u00e9o<\/p>\n\n\n\n<figure class=\"wp-block-embed is-type-video is-provider-youtube wp-block-embed-youtube wp-embed-aspect-16-9 wp-has-aspect-ratio\"><div class=\"wp-block-embed__wrapper\">\n<iframe loading=\"lazy\" title=\"Zarabanda \u00e0 Kerboutier\" width=\"525\" height=\"295\" src=\"https:\/\/www.youtube.com\/embed\/ZCXGsCN715M?feature=oembed\" frameborder=\"0\" allow=\"accelerometer; autoplay; clipboard-write; encrypted-media; gyroscope; picture-in-picture; web-share\" referrerpolicy=\"strict-origin-when-cross-origin\" allowfullscreen><\/iframe>\n<\/div><\/figure>\n","protected":false},"excerpt":{"rendered":"<p>Ensemble ZARABANDA. Ces cinq amies musiciennes, qui se produisent ensemble depuis plus de 20 ans, ont surpris l&rsquo;auditoire par leur fantaisie et leur cr\u00e9ativit\u00e9. Ce concert a \u00e9t\u00e9 mis en sc\u00e8ne avec des textes de Jean Baptiste DROUART de BOUSSET, Jacques PREVERT, Robert DESNOS, Natacha APPANAH, Antonio VIVALDIDes musiques de :Jean Baptiste DROUART de BOUSSET, &hellip; <\/p>\n<p class=\"link-more\"><a href=\"https:\/\/kerboutier.fr\/index.php\/2025\/07\/30\/samedi-26-juillet-2025\/\" class=\"more-link\">Continuer la lecture<span class=\"screen-reader-text\"> de &laquo;&nbsp;Samedi 26 juillet 2025&nbsp;&raquo;<\/span><\/a><\/p>\n","protected":false},"author":1,"featured_media":0,"comment_status":"open","ping_status":"open","sticky":false,"template":"","format":"standard","meta":{"footnotes":""},"categories":[7],"tags":[],"class_list":["post-732","post","type-post","status-publish","format-standard","hentry","category-concerts-spectacles"],"_links":{"self":[{"href":"https:\/\/kerboutier.fr\/index.php\/wp-json\/wp\/v2\/posts\/732","targetHints":{"allow":["GET"]}}],"collection":[{"href":"https:\/\/kerboutier.fr\/index.php\/wp-json\/wp\/v2\/posts"}],"about":[{"href":"https:\/\/kerboutier.fr\/index.php\/wp-json\/wp\/v2\/types\/post"}],"author":[{"embeddable":true,"href":"https:\/\/kerboutier.fr\/index.php\/wp-json\/wp\/v2\/users\/1"}],"replies":[{"embeddable":true,"href":"https:\/\/kerboutier.fr\/index.php\/wp-json\/wp\/v2\/comments?post=732"}],"version-history":[{"count":7,"href":"https:\/\/kerboutier.fr\/index.php\/wp-json\/wp\/v2\/posts\/732\/revisions"}],"predecessor-version":[{"id":755,"href":"https:\/\/kerboutier.fr\/index.php\/wp-json\/wp\/v2\/posts\/732\/revisions\/755"}],"wp:attachment":[{"href":"https:\/\/kerboutier.fr\/index.php\/wp-json\/wp\/v2\/media?parent=732"}],"wp:term":[{"taxonomy":"category","embeddable":true,"href":"https:\/\/kerboutier.fr\/index.php\/wp-json\/wp\/v2\/categories?post=732"},{"taxonomy":"post_tag","embeddable":true,"href":"https:\/\/kerboutier.fr\/index.php\/wp-json\/wp\/v2\/tags?post=732"}],"curies":[{"name":"wp","href":"https:\/\/api.w.org\/{rel}","templated":true}]}}