{"id":719,"date":"2025-07-20T22:41:00","date_gmt":"2025-07-20T20:41:00","guid":{"rendered":"https:\/\/kerboutier.fr\/?p=719"},"modified":"2025-08-05T22:50:07","modified_gmt":"2025-08-05T20:50:07","slug":"samedi-19-juillet-2025","status":"publish","type":"post","link":"https:\/\/kerboutier.fr\/index.php\/2025\/07\/20\/samedi-19-juillet-2025\/","title":{"rendered":"Samedi 19 juillet 2025"},"content":{"rendered":"<div class=\"wp-block-image\">\n<figure class=\"alignleft size-large is-resized\"><img loading=\"lazy\" decoding=\"async\" width=\"768\" height=\"1024\" src=\"https:\/\/kerboutier.fr\/wp-content\/uploads\/2025\/07\/20250719_210805-768x1024.jpg\" alt=\"\" class=\"wp-image-720\" style=\"width:271px;height:auto\" srcset=\"https:\/\/kerboutier.fr\/wp-content\/uploads\/2025\/07\/20250719_210805-768x1024.jpg 768w, https:\/\/kerboutier.fr\/wp-content\/uploads\/2025\/07\/20250719_210805-225x300.jpg 225w, https:\/\/kerboutier.fr\/wp-content\/uploads\/2025\/07\/20250719_210805-1152x1536.jpg 1152w, https:\/\/kerboutier.fr\/wp-content\/uploads\/2025\/07\/20250719_210805-1536x2048.jpg 1536w, https:\/\/kerboutier.fr\/wp-content\/uploads\/2025\/07\/20250719_210805-scaled.jpg 1920w\" sizes=\"auto, (max-width: 767px) 89vw, (max-width: 1000px) 54vw, (max-width: 1071px) 543px, 580px\" \/><\/figure>\n<\/div>\n\n\n<p><strong><em>Trio ABILUS<\/em><\/strong><\/p>\n\n\n\n<p><em>Xavier Suarez : Guitare, voix, percussions<\/em><em><br>Eva Fogelgesang : Harpe, voix, percussions<\/em><em><br>Elodie Suarez : voix, percussion<\/em><\/p>\n\n\n\n<p><em>Chansons \u00e9quatoriennes compos\u00e9es par Xavier Su\u00e0rez sur des textes de Jorge Carrera Andrade<\/em><\/p>\n\n\n\n<p><\/p>\n\n\n\n<p><strong><em>Abilus<\/em><\/strong><em> est un projet musical o\u00f9 la voix et l\u2019instrument \u00e9voluent sur une base musicale traditionnelle : les rythmes \u00e9quatoriens (Sanjuan, Albazo, Tonada\u2026)<br>De retour au trio, apr\u00e8s une exp\u00e9rience en quintet, cette nouvelle cr\u00e9ation, <\/em><strong><em>Microgramas<\/em><\/strong><em>, repose sur des textes \u00e0 la fois simples et puissants du po\u00e8te \u00e9quatorien contemporain Jorge Carrera Andrade.<\/em><br><em>Les attributs de la musique d\u2019<\/em><strong><em>Abilus<\/em><\/strong><em>, depuis sa cr\u00e9ation en 2009, sont toujours pr\u00e9sents : polyphonie, engagement rythmique, orchestration dense des m\u00e9lodies.<br>Les textes, les th\u00e9matiques abord\u00e9es dans ce nouveau r\u00e9pertoire ont une charge \u00e9motionnelle  tout aussi puissante que po\u00e9tique et onirique.<\/em><\/p>\n\n\n\n<figure class=\"wp-block-embed is-type-video is-provider-youtube wp-block-embed-youtube wp-embed-aspect-16-9 wp-has-aspect-ratio\"><div class=\"wp-block-embed__wrapper\">\n<iframe loading=\"lazy\" title=\"Trio Abilius \u00e0 Kerboutier\" width=\"525\" height=\"295\" src=\"https:\/\/www.youtube.com\/embed\/B8avBwkP04M?feature=oembed\" frameborder=\"0\" allow=\"accelerometer; autoplay; clipboard-write; encrypted-media; gyroscope; picture-in-picture; web-share\" referrerpolicy=\"strict-origin-when-cross-origin\" allowfullscreen><\/iframe>\n<\/div><\/figure>\n\n\n\n<p><\/p>\n\n\n\n<figure class=\"wp-block-embed is-type-video is-provider-youtube wp-block-embed-youtube wp-embed-aspect-16-9 wp-has-aspect-ratio\"><div class=\"wp-block-embed__wrapper\">\n<iframe loading=\"lazy\" title=\"Trio Abilius \u00e0 Kerboutier\" width=\"525\" height=\"295\" src=\"https:\/\/www.youtube.com\/embed\/Lg-iTYv2lrk?feature=oembed\" frameborder=\"0\" allow=\"accelerometer; autoplay; clipboard-write; encrypted-media; gyroscope; picture-in-picture; web-share\" referrerpolicy=\"strict-origin-when-cross-origin\" allowfullscreen><\/iframe>\n<\/div><\/figure>\n\n\n\n<p><\/p>\n","protected":false},"excerpt":{"rendered":"<p>Trio ABILUS Xavier Suarez : Guitare, voix, percussionsEva Fogelgesang : Harpe, voix, percussionsElodie Suarez : voix, percussion Chansons \u00e9quatoriennes compos\u00e9es par Xavier Su\u00e0rez sur des textes de Jorge Carrera Andrade Abilus est un projet musical o\u00f9 la voix et l\u2019instrument \u00e9voluent sur une base musicale traditionnelle : les rythmes \u00e9quatoriens (Sanjuan, Albazo, Tonada\u2026)De retour au &hellip; <\/p>\n<p class=\"link-more\"><a href=\"https:\/\/kerboutier.fr\/index.php\/2025\/07\/20\/samedi-19-juillet-2025\/\" class=\"more-link\">Continuer la lecture<span class=\"screen-reader-text\"> de &laquo;&nbsp;Samedi 19 juillet 2025&nbsp;&raquo;<\/span><\/a><\/p>\n","protected":false},"author":1,"featured_media":0,"comment_status":"open","ping_status":"open","sticky":false,"template":"","format":"standard","meta":{"footnotes":""},"categories":[7],"tags":[],"class_list":["post-719","post","type-post","status-publish","format-standard","hentry","category-concerts-spectacles"],"_links":{"self":[{"href":"https:\/\/kerboutier.fr\/index.php\/wp-json\/wp\/v2\/posts\/719","targetHints":{"allow":["GET"]}}],"collection":[{"href":"https:\/\/kerboutier.fr\/index.php\/wp-json\/wp\/v2\/posts"}],"about":[{"href":"https:\/\/kerboutier.fr\/index.php\/wp-json\/wp\/v2\/types\/post"}],"author":[{"embeddable":true,"href":"https:\/\/kerboutier.fr\/index.php\/wp-json\/wp\/v2\/users\/1"}],"replies":[{"embeddable":true,"href":"https:\/\/kerboutier.fr\/index.php\/wp-json\/wp\/v2\/comments?post=719"}],"version-history":[{"count":7,"href":"https:\/\/kerboutier.fr\/index.php\/wp-json\/wp\/v2\/posts\/719\/revisions"}],"predecessor-version":[{"id":760,"href":"https:\/\/kerboutier.fr\/index.php\/wp-json\/wp\/v2\/posts\/719\/revisions\/760"}],"wp:attachment":[{"href":"https:\/\/kerboutier.fr\/index.php\/wp-json\/wp\/v2\/media?parent=719"}],"wp:term":[{"taxonomy":"category","embeddable":true,"href":"https:\/\/kerboutier.fr\/index.php\/wp-json\/wp\/v2\/categories?post=719"},{"taxonomy":"post_tag","embeddable":true,"href":"https:\/\/kerboutier.fr\/index.php\/wp-json\/wp\/v2\/tags?post=719"}],"curies":[{"name":"wp","href":"https:\/\/api.w.org\/{rel}","templated":true}]}}