{"id":196,"date":"2024-07-03T18:09:33","date_gmt":"2024-07-03T16:09:33","guid":{"rendered":"https:\/\/kerboutier.fr\/?p=196"},"modified":"2024-11-25T18:30:40","modified_gmt":"2024-11-25T17:30:40","slug":"mercredi-3-juillet-2024","status":"publish","type":"post","link":"https:\/\/kerboutier.fr\/index.php\/2024\/07\/03\/mercredi-3-juillet-2024\/","title":{"rendered":"Mercredi 3 juillet 2024"},"content":{"rendered":"\n<p><\/p>\n\n\n\n<figure class=\"wp-block-image size-full\"><img loading=\"lazy\" decoding=\"async\" width=\"572\" height=\"835\" src=\"https:\/\/kerboutier.fr\/wp-content\/uploads\/2024\/11\/sakura-.png\" alt=\"\" class=\"wp-image-182\" srcset=\"https:\/\/kerboutier.fr\/wp-content\/uploads\/2024\/11\/sakura-.png 572w, https:\/\/kerboutier.fr\/wp-content\/uploads\/2024\/11\/sakura--206x300.png 206w\" sizes=\"auto, (max-width: 572px) 100vw, 572px\" \/><\/figure>\n\n\n\n<p>A 20h30, Au plein coeur de l&rsquo;\u00e9t\u00e9, Kerboutier a accueilli Marie-C\u00e9cile CALMELET (Professeur de chant au conservatoire de St Brieuc) accompagn\u00e9 de Saki TAKATSU au piano, pour un r\u00e9cital de chant.<\/p>\n\n\n\n<p>au programme des m\u00e9lodies de Robert Schumann, Franz Schubert, Johannes Brahms, &#8230; <\/p>\n\n\n\n<p>Ce concert a \u00e9t\u00e9 pr\u00e9c\u00e9d\u00e9, \u00e0 20h, d&rsquo;une mini conf\u00e9rence de Claude-Guy Onfray qui a permis de sortir de l&rsquo;oubli l&rsquo;oeuvre du peintre impressionniste John Peter Russel, \u00e9tabli \u00e0 Belle-Ile avec son \u00e9pouse, Marianna, mod\u00e8le du c\u00e9l\u00e8bre sculpteur Rodin.&nbsp;<\/p>\n","protected":false},"excerpt":{"rendered":"<p>A 20h30, Au plein coeur de l&rsquo;\u00e9t\u00e9, Kerboutier a accueilli Marie-C\u00e9cile CALMELET (Professeur de chant au conservatoire de St Brieuc) accompagn\u00e9 de Saki TAKATSU au piano, pour un r\u00e9cital de chant. au programme des m\u00e9lodies de Robert Schumann, Franz Schubert, Johannes Brahms, &#8230; Ce concert a \u00e9t\u00e9 pr\u00e9c\u00e9d\u00e9, \u00e0 20h, d&rsquo;une mini conf\u00e9rence de Claude-Guy &hellip; <\/p>\n<p class=\"link-more\"><a href=\"https:\/\/kerboutier.fr\/index.php\/2024\/07\/03\/mercredi-3-juillet-2024\/\" class=\"more-link\">Continuer la lecture<span class=\"screen-reader-text\"> de &laquo;&nbsp;Mercredi 3 juillet 2024&nbsp;&raquo;<\/span><\/a><\/p>\n","protected":false},"author":1,"featured_media":0,"comment_status":"open","ping_status":"open","sticky":false,"template":"","format":"standard","meta":{"footnotes":""},"categories":[7],"tags":[],"class_list":["post-196","post","type-post","status-publish","format-standard","hentry","category-concerts-spectacles"],"_links":{"self":[{"href":"https:\/\/kerboutier.fr\/index.php\/wp-json\/wp\/v2\/posts\/196","targetHints":{"allow":["GET"]}}],"collection":[{"href":"https:\/\/kerboutier.fr\/index.php\/wp-json\/wp\/v2\/posts"}],"about":[{"href":"https:\/\/kerboutier.fr\/index.php\/wp-json\/wp\/v2\/types\/post"}],"author":[{"embeddable":true,"href":"https:\/\/kerboutier.fr\/index.php\/wp-json\/wp\/v2\/users\/1"}],"replies":[{"embeddable":true,"href":"https:\/\/kerboutier.fr\/index.php\/wp-json\/wp\/v2\/comments?post=196"}],"version-history":[{"count":2,"href":"https:\/\/kerboutier.fr\/index.php\/wp-json\/wp\/v2\/posts\/196\/revisions"}],"predecessor-version":[{"id":201,"href":"https:\/\/kerboutier.fr\/index.php\/wp-json\/wp\/v2\/posts\/196\/revisions\/201"}],"wp:attachment":[{"href":"https:\/\/kerboutier.fr\/index.php\/wp-json\/wp\/v2\/media?parent=196"}],"wp:term":[{"taxonomy":"category","embeddable":true,"href":"https:\/\/kerboutier.fr\/index.php\/wp-json\/wp\/v2\/categories?post=196"},{"taxonomy":"post_tag","embeddable":true,"href":"https:\/\/kerboutier.fr\/index.php\/wp-json\/wp\/v2\/tags?post=196"}],"curies":[{"name":"wp","href":"https:\/\/api.w.org\/{rel}","templated":true}]}}