{"id":1415,"date":"2026-08-29T11:49:39","date_gmt":"2026-08-29T09:49:39","guid":{"rendered":"https:\/\/kerboutier.fr\/?p=1415"},"modified":"2026-08-29T11:53:56","modified_gmt":"2026-08-29T09:53:56","slug":"mercredi-19-aout-2026","status":"publish","type":"post","link":"https:\/\/kerboutier.fr\/index.php\/2026\/08\/29\/mercredi-19-aout-2026\/","title":{"rendered":"Mercredi 19 ao\u00fbt 2026"},"content":{"rendered":"\n<p class=\"has-text-align-center wp-block-paragraph\">CONCERT PIANO &amp; FLUTE<\/p>\n\n\n\n<figure class=\"wp-block-image size-large\"><img loading=\"lazy\" decoding=\"async\" width=\"1024\" height=\"768\" src=\"https:\/\/kerboutier.fr\/wp-content\/uploads\/2026\/08\/20260819_211914-1024x768.jpg\" alt=\"\" class=\"wp-image-1466\" srcset=\"https:\/\/kerboutier.fr\/wp-content\/uploads\/2026\/08\/20260819_211914-1024x768.jpg 1024w, https:\/\/kerboutier.fr\/wp-content\/uploads\/2026\/08\/20260819_211914-300x225.jpg 300w, https:\/\/kerboutier.fr\/wp-content\/uploads\/2026\/08\/20260819_211914-768x576.jpg 768w, https:\/\/kerboutier.fr\/wp-content\/uploads\/2026\/08\/20260819_211914-1536x1152.jpg 1536w, https:\/\/kerboutier.fr\/wp-content\/uploads\/2026\/08\/20260819_211914-2048x1536.jpg 2048w\" sizes=\"auto, (max-width: 767px) 89vw, (max-width: 1000px) 54vw, (max-width: 1071px) 543px, 580px\" \/><\/figure>\n\n\n\n<p class=\"has-text-align-center wp-block-paragraph\"><strong>L\u00e9a Lesieur \u00e0 la flute et au piccolo et Aur\u00e9lien Penart au piano<\/strong><\/p>\n\n\n\n<p class=\"wp-block-paragraph\">L\u00e9a et Aur\u00e9lien sont venus nous offrir l&rsquo;\u00e9t\u00e9 dernier un concert d&rsquo;une qualit\u00e9 exceptionnelle. <\/p>\n\n\n\n<p class=\"wp-block-paragraph\">Ils nous avaient fait prendre le large et nous avons \u00e9t\u00e9 emport\u00e9s avec eux dans un environnement marin \u00e0 couper le souffle. <br><br>Une nouvelle fois, ces deux musiciens, concertistes et professeurs plein de talent nous ont subjugu\u00e9s.<\/p>\n\n\n\n<p class=\"wp-block-paragraph\"><\/p>\n","protected":false},"excerpt":{"rendered":"<p>CONCERT PIANO &amp; FLUTE L\u00e9a Lesieur \u00e0 la flute et au piccolo et Aur\u00e9lien Penart au piano L\u00e9a et Aur\u00e9lien sont venus nous offrir l&rsquo;\u00e9t\u00e9 dernier un concert d&rsquo;une qualit\u00e9 exceptionnelle. Ils nous avaient fait prendre le large et nous avons \u00e9t\u00e9 emport\u00e9s avec eux dans un environnement marin \u00e0 couper le souffle. Une nouvelle &hellip; <\/p>\n<p class=\"link-more\"><a href=\"https:\/\/kerboutier.fr\/index.php\/2026\/08\/29\/mercredi-19-aout-2026\/\" class=\"more-link\">Continuer la lecture<span class=\"screen-reader-text\"> de &laquo;&nbsp;Mercredi 19 ao\u00fbt 2026&nbsp;&raquo;<\/span><\/a><\/p>\n","protected":false},"author":1,"featured_media":0,"comment_status":"open","ping_status":"open","sticky":false,"template":"","format":"standard","meta":{"footnotes":""},"categories":[7],"tags":[],"class_list":["post-1415","post","type-post","status-publish","format-standard","hentry","category-concerts-spectacles"],"_links":{"self":[{"href":"https:\/\/kerboutier.fr\/index.php\/wp-json\/wp\/v2\/posts\/1415","targetHints":{"allow":["GET"]}}],"collection":[{"href":"https:\/\/kerboutier.fr\/index.php\/wp-json\/wp\/v2\/posts"}],"about":[{"href":"https:\/\/kerboutier.fr\/index.php\/wp-json\/wp\/v2\/types\/post"}],"author":[{"embeddable":true,"href":"https:\/\/kerboutier.fr\/index.php\/wp-json\/wp\/v2\/users\/1"}],"replies":[{"embeddable":true,"href":"https:\/\/kerboutier.fr\/index.php\/wp-json\/wp\/v2\/comments?post=1415"}],"version-history":[{"count":6,"href":"https:\/\/kerboutier.fr\/index.php\/wp-json\/wp\/v2\/posts\/1415\/revisions"}],"predecessor-version":[{"id":1472,"href":"https:\/\/kerboutier.fr\/index.php\/wp-json\/wp\/v2\/posts\/1415\/revisions\/1472"}],"wp:attachment":[{"href":"https:\/\/kerboutier.fr\/index.php\/wp-json\/wp\/v2\/media?parent=1415"}],"wp:term":[{"taxonomy":"category","embeddable":true,"href":"https:\/\/kerboutier.fr\/index.php\/wp-json\/wp\/v2\/categories?post=1415"},{"taxonomy":"post_tag","embeddable":true,"href":"https:\/\/kerboutier.fr\/index.php\/wp-json\/wp\/v2\/tags?post=1415"}],"curies":[{"name":"wp","href":"https:\/\/api.w.org\/{rel}","templated":true}]}}