{"id":1037,"date":"2026-03-05T14:28:07","date_gmt":"2026-03-05T13:28:07","guid":{"rendered":"https:\/\/kerboutier.fr\/?p=1037"},"modified":"2026-03-20T16:51:14","modified_gmt":"2026-03-20T15:51:14","slug":"samedi-28-fevrier-2026","status":"publish","type":"post","link":"https:\/\/kerboutier.fr\/index.php\/2026\/03\/05\/samedi-28-fevrier-2026\/","title":{"rendered":"Samedi 28 f\u00e9vrier 2026"},"content":{"rendered":"\n<div class=\"wp-block-columns is-layout-flex wp-container-core-columns-is-layout-9d6595d7 wp-block-columns-is-layout-flex\">\n<div class=\"wp-block-column is-layout-flow wp-block-column-is-layout-flow\">\n<figure class=\"wp-block-image size-large\"><img loading=\"lazy\" decoding=\"async\" width=\"1024\" height=\"768\" src=\"https:\/\/kerboutier.fr\/wp-content\/uploads\/2026\/03\/20260228_192525-1024x768.jpg\" alt=\"\" class=\"wp-image-1085\" srcset=\"https:\/\/kerboutier.fr\/wp-content\/uploads\/2026\/03\/20260228_192525-1024x768.jpg 1024w, https:\/\/kerboutier.fr\/wp-content\/uploads\/2026\/03\/20260228_192525-300x225.jpg 300w, https:\/\/kerboutier.fr\/wp-content\/uploads\/2026\/03\/20260228_192525-768x576.jpg 768w, https:\/\/kerboutier.fr\/wp-content\/uploads\/2026\/03\/20260228_192525-1536x1152.jpg 1536w, https:\/\/kerboutier.fr\/wp-content\/uploads\/2026\/03\/20260228_192525-2048x1536.jpg 2048w\" sizes=\"auto, (max-width: 767px) 89vw, (max-width: 1000px) 54vw, (max-width: 1071px) 543px, 580px\" \/><\/figure>\n<\/div>\n\n\n\n<div class=\"wp-block-column is-layout-flow wp-block-column-is-layout-flow\">\n<figure class=\"wp-block-image size-large\"><img loading=\"lazy\" decoding=\"async\" width=\"1024\" height=\"768\" src=\"https:\/\/kerboutier.fr\/wp-content\/uploads\/2026\/03\/20260228_192954-1024x768.jpg\" alt=\"\" class=\"wp-image-1086\" srcset=\"https:\/\/kerboutier.fr\/wp-content\/uploads\/2026\/03\/20260228_192954-1024x768.jpg 1024w, https:\/\/kerboutier.fr\/wp-content\/uploads\/2026\/03\/20260228_192954-300x225.jpg 300w, https:\/\/kerboutier.fr\/wp-content\/uploads\/2026\/03\/20260228_192954-768x576.jpg 768w, https:\/\/kerboutier.fr\/wp-content\/uploads\/2026\/03\/20260228_192954-1536x1152.jpg 1536w, https:\/\/kerboutier.fr\/wp-content\/uploads\/2026\/03\/20260228_192954-2048x1536.jpg 2048w\" sizes=\"auto, (max-width: 767px) 89vw, (max-width: 1000px) 54vw, (max-width: 1071px) 543px, 580px\" \/><\/figure>\n<\/div>\n<\/div>\n\n\n\n<blockquote class=\"wp-block-quote is-layout-flow wp-block-quote-is-layout-flow\">\n<p class=\"has-text-align-center\"><strong>AU MANOIR de KERBOUTIER du 25 au 28 f\u00e9vrier 202<\/strong><br><strong>Stage de musique vocale baroque allemande<\/strong>  <strong>Solistes, un par voix<\/strong><\/p>\n\n\n\n<p class=\"has-text-align-center\">Avec <strong>Michel Lapl\u00e9nie<\/strong>, chanteur, directeur de l&rsquo;ensemble vocal Sagitarius<br><strong>Pierre Mervant,<\/strong> professeur de chant au CNSM de Paris<br><strong>Jean-Fran\u00e7ois Nestour<\/strong> Claveciniste<br><strong>Ga\u00eblle Coulon<\/strong> Organiste et claviniste<\/p>\n\n\n\n<p>Cette MasterClass a re\u00e7u 11 chanteurs venus de divers horizons et de niveaux vari\u00e9s. Pendant quatre jours les stagiaires ont travaill\u00e9 en individuel, en duo, en trio et en ch\u0153ur avec des sp\u00e9cialistes de renomm\u00e9e internationale pour les initier et les perfectionner \u00e0 cette musique baroque allemande du 17e au 18e.<\/p>\n\n\n\n<p>Michel LAPLENIE s&rsquo;est concentr\u00e9 sur deux compositeurs en particulier : <br>Heinrich Sch\u00fctz ( 1585-1672) et &nbsp;Johann Sebastian Bach (1685-1750)<\/p>\n\n\n\n<p>SCH\u00dcTZ<br>P\u00e8re de la musique allemande. Les stagiaires ont travaill\u00e9 des pi\u00e8ces extraites de son recueil Kleine Geistliche Konzerte 1636-39 ( petites concerts spirituels) &nbsp;montrant l\u2019influence de la musique italienne (Gabrieli et Monteverdi) et la fa\u00e7on dont Sch\u00fctz a ouvert la voie au chant typiquement allemand.<br><br>BACH<br>Les participants se sont attach\u00e9s \u00e0 des pi\u00e8ces solistes extraites de deux oratorios: l\u2018Oratorio de No\u00ebl et la Passion selon Saint Jean, et ont \u00e9tudi\u00e9 non seulement des Arias \u00e0 voix seule et aussi quelques r\u00e9citatifs.<br><\/p>\n<\/blockquote>\n\n\n\n<figure class=\"wp-block-embed is-type-video is-provider-youtube wp-block-embed-youtube wp-embed-aspect-16-9 wp-has-aspect-ratio\"><div class=\"wp-block-embed__wrapper\">\n<iframe loading=\"lazy\" title=\"MasterClass \u00e0 Kerboutier\" width=\"525\" height=\"295\" src=\"https:\/\/www.youtube.com\/embed\/-ucUvG8Pakw?feature=oembed\" frameborder=\"0\" allow=\"accelerometer; autoplay; clipboard-write; encrypted-media; gyroscope; picture-in-picture; web-share\" referrerpolicy=\"strict-origin-when-cross-origin\" allowfullscreen><\/iframe>\n<\/div><\/figure>\n\n\n\n<blockquote class=\"wp-block-quote is-layout-flow wp-block-quote-is-layout-flow\">\n<figure class=\"wp-block-embed is-type-video is-provider-youtube wp-block-embed-youtube wp-embed-aspect-16-9 wp-has-aspect-ratio\"><div class=\"wp-block-embed__wrapper\">\n<iframe loading=\"lazy\" title=\"MasterClass \u00e0 Kerboutier\" width=\"525\" height=\"295\" src=\"https:\/\/www.youtube.com\/embed\/1n9T21W4me4?feature=oembed\" frameborder=\"0\" allow=\"accelerometer; autoplay; clipboard-write; encrypted-media; gyroscope; picture-in-picture; web-share\" referrerpolicy=\"strict-origin-when-cross-origin\" allowfullscreen><\/iframe>\n<\/div><\/figure>\n<\/blockquote>\n\n\n\n<p>&nbsp; <\/p>\n\n\n\n<p><\/p>\n\n\n\n<p><\/p>\n","protected":false},"excerpt":{"rendered":"<p>AU MANOIR de KERBOUTIER du 25 au 28 f\u00e9vrier 202Stage de musique vocale baroque allemande Solistes, un par voix Avec Michel Lapl\u00e9nie, chanteur, directeur de l&rsquo;ensemble vocal SagitariusPierre Mervant, professeur de chant au CNSM de ParisJean-Fran\u00e7ois Nestour ClavecinisteGa\u00eblle Coulon Organiste et claviniste Cette MasterClass a re\u00e7u 11 chanteurs venus de divers horizons et de niveaux &hellip; <\/p>\n<p class=\"link-more\"><a href=\"https:\/\/kerboutier.fr\/index.php\/2026\/03\/05\/samedi-28-fevrier-2026\/\" class=\"more-link\">Continuer la lecture<span class=\"screen-reader-text\"> de &laquo;&nbsp;Samedi 28 f\u00e9vrier 2026&nbsp;&raquo;<\/span><\/a><\/p>\n","protected":false},"author":1,"featured_media":0,"comment_status":"open","ping_status":"open","sticky":false,"template":"","format":"standard","meta":{"footnotes":""},"categories":[9],"tags":[],"class_list":["post-1037","post","type-post","status-publish","format-standard","hentry","category-stages-formations"],"_links":{"self":[{"href":"https:\/\/kerboutier.fr\/index.php\/wp-json\/wp\/v2\/posts\/1037","targetHints":{"allow":["GET"]}}],"collection":[{"href":"https:\/\/kerboutier.fr\/index.php\/wp-json\/wp\/v2\/posts"}],"about":[{"href":"https:\/\/kerboutier.fr\/index.php\/wp-json\/wp\/v2\/types\/post"}],"author":[{"embeddable":true,"href":"https:\/\/kerboutier.fr\/index.php\/wp-json\/wp\/v2\/users\/1"}],"replies":[{"embeddable":true,"href":"https:\/\/kerboutier.fr\/index.php\/wp-json\/wp\/v2\/comments?post=1037"}],"version-history":[{"count":11,"href":"https:\/\/kerboutier.fr\/index.php\/wp-json\/wp\/v2\/posts\/1037\/revisions"}],"predecessor-version":[{"id":1105,"href":"https:\/\/kerboutier.fr\/index.php\/wp-json\/wp\/v2\/posts\/1037\/revisions\/1105"}],"wp:attachment":[{"href":"https:\/\/kerboutier.fr\/index.php\/wp-json\/wp\/v2\/media?parent=1037"}],"wp:term":[{"taxonomy":"category","embeddable":true,"href":"https:\/\/kerboutier.fr\/index.php\/wp-json\/wp\/v2\/categories?post=1037"},{"taxonomy":"post_tag","embeddable":true,"href":"https:\/\/kerboutier.fr\/index.php\/wp-json\/wp\/v2\/tags?post=1037"}],"curies":[{"name":"wp","href":"https:\/\/api.w.org\/{rel}","templated":true}]}}